{"id":23389,"date":"2022-11-07T07:36:49","date_gmt":"2022-11-07T06:36:49","guid":{"rendered":"https:\/\/www.atmos.eu\/zapojeni-kotlu-atmos-f15-f16-esbe-px\/"},"modified":"2023-08-01T09:20:40","modified_gmt":"2023-08-01T07:20:40","slug":"conexion-de-las-calderas-atmos-f15-f16-esbe-px","status":"publish","type":"post","link":"https:\/\/www.atmos.eu\/es\/conexion-de-las-calderas-atmos-f15-f16-esbe-px\/","title":{"rendered":"Conexi\u00f3n de las calderas ATMOS F15 &#8211; F16 ESBE-PX"},"content":{"rendered":"<p style=\"text-align: justify;\"><span style=\"font-family: arial, helvetica, sans-serif;\"><strong>Una conexi\u00f3n profesional de acero inoxidable<\/strong>construida sobre una tuber\u00eda <strong>de di\u00e1metro de XX mm<\/strong>dise\u00f1ada para mantener una temperatura m\u00ednima del agua de retorno a la caldera y conectar r\u00e1pidamente la caldera mediante dos racores de 1&#8243; \/ 6\/4&#8243; con junta plana.\u00a0 La conexi\u00f3n incluye todos los componentes necesarios requeridos por el fabricante (v\u00e1lvula de seguridad de XX bares, v\u00e1lvula de ventilaci\u00f3n, man\u00f3metro, dos bombas, dos v\u00e1lvulas de cierre, v\u00e1lvula de tres v\u00edas). La conexi\u00f3n est\u00e1 preparada para conectar la caldera directamente al sistema de calefacci\u00f3n o para conectar la caldera con los dep\u00f3sitos de acumulaci\u00f3n. La conexi\u00f3n permite ampliar el sistema de calefacci\u00f3n a dos o tres circuitos de calefacci\u00f3n adquiriendo un distribuidor especial y el grupo de bombas necesario (con una separaci\u00f3n de 90 mm).<\/span><\/p>\n<p style=\"text-align: justify;\"><span style=\"font-family: arial, helvetica, sans-serif;\">En el caso de un sistema de calefacci\u00f3n m\u00e1s grande, la conexi\u00f3n permite ampliar el sistema a dos o tres circuitos de calefacci\u00f3n adquiriendo un distribuidor especial y el grupo de bombas necesario.<\/span><\/p>\n<p style=\"text-align: justify;\"><span style=\"font-family: arial, helvetica, sans-serif;\">Para obtener m\u00e1s informaci\u00f3n<strong> haga un click<\/strong><\/span><\/p>\n<div id='gallery-1' class='gallery galleryid-23389 gallery-columns-2 gallery-size-full'><dl class='gallery-item'>\n\t\t\t<dt class='gallery-icon landscape'>\n\t\t\t\t<a href='https:\/\/www.atmos.eu\/es\/accesorios\/conexion-de-las-calderas-atmos-f17-f18-esbe-px\/kotle-se-zapojenim-kolaz-f15-dxxpx-2\/'><img loading=\"lazy\" decoding=\"async\" width=\"1600\" height=\"1000\" src=\"data:image\/gif;base64,R0lGODlhAQABAIAAAAAAAP\/\/\/yH5BAEAAAAALAAAAAABAAEAAAIBRAA7\" data-src=\"https:\/\/www.atmos.eu\/wp-content\/uploads\/2022\/11\/kotle-se-zapojenim-kolaz-F15-DxxPX.jpg\" class=\"attachment-full size-full\" alt=\"\" srcset=\"data:image\/gif;base64,R0lGODlhAQABAIAAAAAAAP\/\/\/yH5BAEAAAAALAAAAAABAAEAAAIBRAA7\" data-srcset=\"https:\/\/www.atmos.eu\/wp-content\/uploads\/2022\/11\/kotle-se-zapojenim-kolaz-F15-DxxPX.jpg 1600w, https:\/\/www.atmos.eu\/wp-content\/uploads\/2022\/11\/kotle-se-zapojenim-kolaz-F15-DxxPX-300x188.jpg 300w, https:\/\/www.atmos.eu\/wp-content\/uploads\/2022\/11\/kotle-se-zapojenim-kolaz-F15-DxxPX-1024x640.jpg 1024w, https:\/\/www.atmos.eu\/wp-content\/uploads\/2022\/11\/kotle-se-zapojenim-kolaz-F15-DxxPX-768x480.jpg 768w, https:\/\/www.atmos.eu\/wp-content\/uploads\/2022\/11\/kotle-se-zapojenim-kolaz-F15-DxxPX-1536x960.jpg 1536w, https:\/\/www.atmos.eu\/wp-content\/uploads\/2022\/11\/kotle-se-zapojenim-kolaz-F15-DxxPX-320x200.jpg 320w, https:\/\/www.atmos.eu\/wp-content\/uploads\/2022\/11\/kotle-se-zapojenim-kolaz-F15-DxxPX-190x119.jpg 190w\" sizes=\"auto, (max-width: 1600px) 100vw, 1600px\" \/><\/a>\n\t\t\t<\/dt><\/dl>\n\t\t\t<br style='clear: both' \/>\n\t\t<\/div>\n\n","protected":false},"excerpt":{"rendered":"<p>Una conexi\u00f3n profesional de acero inoxidableconstruida sobre una tuber\u00eda de di\u00e1metro de XX mmdise\u00f1ada para mantener una temperatura m\u00ednima del agua de retorno a la caldera y conectar r\u00e1pidamente la caldera mediante dos racores de 1&#8243; \/ 6\/4&#8243; con junta plana.\u00a0 La conexi\u00f3n incluye todos los componentes necesarios requeridos por el fabricante (v\u00e1lvula de seguridad&#8230;<\/p>\n","protected":false},"author":6,"featured_media":23075,"comment_status":"closed","ping_status":"closed","sticky":false,"template":"","format":"standard","meta":{"footnotes":""},"categories":[202],"tags":[],"class_list":["post-23389","post","type-post","status-publish","format-standard","has-post-thumbnail","hentry","category-sin-categorizar"],"yoast_head":"<!-- This site is optimized with the Yoast SEO plugin v25.6 - https:\/\/yoast.com\/wordpress\/plugins\/seo\/ -->\n<title>Conexi\u00f3n de las calderas ATMOS F15 - F16 ESBE-PX - ATMOS<\/title>\n<meta name=\"robots\" content=\"index, follow, max-snippet:-1, max-image-preview:large, max-video-preview:-1\" \/>\n<link rel=\"canonical\" href=\"https:\/\/www.atmos.eu\/es\/conexion-de-las-calderas-atmos-f15-f16-esbe-px\/\" \/>\n<meta property=\"og:locale\" content=\"es_ES\" \/>\n<meta property=\"og:type\" content=\"article\" \/>\n<meta property=\"og:title\" content=\"Conexi\u00f3n de las calderas ATMOS F15 - F16 ESBE-PX - ATMOS\" \/>\n<meta property=\"og:description\" content=\"Una conexi\u00f3n profesional de acero inoxidableconstruida sobre una tuber\u00eda de di\u00e1metro de XX mmdise\u00f1ada para mantener una temperatura m\u00ednima del agua de retorno a la caldera y conectar r\u00e1pidamente la caldera mediante dos racores de 1&#8243; \/ 6\/4&#8243; con junta plana.\u00a0 La conexi\u00f3n incluye todos los componentes necesarios requeridos por el fabricante (v\u00e1lvula de seguridad...\" \/>\n<meta property=\"og:url\" content=\"https:\/\/www.atmos.eu\/es\/conexion-de-las-calderas-atmos-f15-f16-esbe-px\/\" \/>\n<meta property=\"og:site_name\" content=\"ATMOS\" \/>\n<meta property=\"article:published_time\" content=\"2022-11-07T06:36:49+00:00\" \/>\n<meta property=\"article:modified_time\" content=\"2023-08-01T07:20:40+00:00\" \/>\n<meta property=\"og:image\" content=\"https:\/\/www.atmos.eu\/wp-content\/uploads\/2022\/11\/kotle-se-zapojenim-kolaz-F15-DxxPX.jpg\" \/>\n\t<meta property=\"og:image:width\" content=\"1600\" \/>\n\t<meta property=\"og:image:height\" content=\"1000\" \/>\n\t<meta property=\"og:image:type\" content=\"image\/jpeg\" \/>\n<meta name=\"author\" content=\"Jan Kyn\u010dl\" \/>\n<meta name=\"twitter:card\" content=\"summary_large_image\" \/>\n<meta name=\"twitter:label1\" content=\"Escrito por\" \/>\n\t<meta name=\"twitter:data1\" content=\"Jan Kyn\u010dl\" \/>\n\t<meta name=\"twitter:label2\" content=\"Tiempo de lectura\" \/>\n\t<meta name=\"twitter:data2\" content=\"1 minuto\" \/>\n<!-- \/ Yoast SEO plugin. -->","yoast_head_json":{"title":"Conexi\u00f3n de las calderas ATMOS F15 - F16 ESBE-PX - ATMOS","robots":{"index":"index","follow":"follow","max-snippet":"max-snippet:-1","max-image-preview":"max-image-preview:large","max-video-preview":"max-video-preview:-1"},"canonical":"https:\/\/www.atmos.eu\/es\/conexion-de-las-calderas-atmos-f15-f16-esbe-px\/","og_locale":"es_ES","og_type":"article","og_title":"Conexi\u00f3n de las calderas ATMOS F15 - F16 ESBE-PX - ATMOS","og_description":"Una conexi\u00f3n profesional de acero inoxidableconstruida sobre una tuber\u00eda de di\u00e1metro de XX mmdise\u00f1ada para mantener una temperatura m\u00ednima del agua de retorno a la caldera y conectar r\u00e1pidamente la caldera mediante dos racores de 1&#8243; \/ 6\/4&#8243; con junta plana.\u00a0 La conexi\u00f3n incluye todos los componentes necesarios requeridos por el fabricante (v\u00e1lvula de seguridad...","og_url":"https:\/\/www.atmos.eu\/es\/conexion-de-las-calderas-atmos-f15-f16-esbe-px\/","og_site_name":"ATMOS","article_published_time":"2022-11-07T06:36:49+00:00","article_modified_time":"2023-08-01T07:20:40+00:00","og_image":[{"width":1600,"height":1000,"url":"https:\/\/www.atmos.eu\/wp-content\/uploads\/2022\/11\/kotle-se-zapojenim-kolaz-F15-DxxPX.jpg","type":"image\/jpeg"}],"author":"Jan Kyn\u010dl","twitter_card":"summary_large_image","twitter_misc":{"Escrito por":"Jan Kyn\u010dl","Tiempo de lectura":"1 minuto"},"schema":{"@context":"https:\/\/schema.org","@graph":[{"@type":"WebPage","@id":"https:\/\/www.atmos.eu\/es\/conexion-de-las-calderas-atmos-f15-f16-esbe-px\/","url":"https:\/\/www.atmos.eu\/es\/conexion-de-las-calderas-atmos-f15-f16-esbe-px\/","name":"Conexi\u00f3n de las calderas ATMOS F15 - F16 ESBE-PX - ATMOS","isPartOf":{"@id":"https:\/\/www.atmos.eu\/es\/#website"},"primaryImageOfPage":{"@id":"https:\/\/www.atmos.eu\/es\/conexion-de-las-calderas-atmos-f15-f16-esbe-px\/#primaryimage"},"image":{"@id":"https:\/\/www.atmos.eu\/es\/conexion-de-las-calderas-atmos-f15-f16-esbe-px\/#primaryimage"},"thumbnailUrl":"https:\/\/www.atmos.eu\/wp-content\/uploads\/2022\/11\/kotle-se-zapojenim-kolaz-F15-DxxPX.jpg","datePublished":"2022-11-07T06:36:49+00:00","dateModified":"2023-08-01T07:20:40+00:00","author":{"@id":"https:\/\/www.atmos.eu\/es\/#\/schema\/person\/fa2914851a359ce6134775ddd1c64269"},"breadcrumb":{"@id":"https:\/\/www.atmos.eu\/es\/conexion-de-las-calderas-atmos-f15-f16-esbe-px\/#breadcrumb"},"inLanguage":"es","potentialAction":[{"@type":"ReadAction","target":["https:\/\/www.atmos.eu\/es\/conexion-de-las-calderas-atmos-f15-f16-esbe-px\/"]}]},{"@type":"ImageObject","inLanguage":"es","@id":"https:\/\/www.atmos.eu\/es\/conexion-de-las-calderas-atmos-f15-f16-esbe-px\/#primaryimage","url":"https:\/\/www.atmos.eu\/wp-content\/uploads\/2022\/11\/kotle-se-zapojenim-kolaz-F15-DxxPX.jpg","contentUrl":"https:\/\/www.atmos.eu\/wp-content\/uploads\/2022\/11\/kotle-se-zapojenim-kolaz-F15-DxxPX.jpg","width":1600,"height":1000},{"@type":"BreadcrumbList","@id":"https:\/\/www.atmos.eu\/es\/conexion-de-las-calderas-atmos-f15-f16-esbe-px\/#breadcrumb","itemListElement":[{"@type":"ListItem","position":1,"name":"Home","item":"https:\/\/www.atmos.eu\/es\/"},{"@type":"ListItem","position":2,"name":"Sin categorizar","item":"https:\/\/www.atmos.eu\/es\/category\/sin-categorizar\/"},{"@type":"ListItem","position":3,"name":"Conexi\u00f3n de las calderas ATMOS F15 &#8211; F16 ESBE-PX"}]},{"@type":"WebSite","@id":"https:\/\/www.atmos.eu\/es\/#website","url":"https:\/\/www.atmos.eu\/es\/","name":"ATMOS","description":"ATMOS","potentialAction":[{"@type":"SearchAction","target":{"@type":"EntryPoint","urlTemplate":"https:\/\/www.atmos.eu\/es\/?s={search_term_string}"},"query-input":{"@type":"PropertyValueSpecification","valueRequired":true,"valueName":"search_term_string"}}],"inLanguage":"es"},{"@type":"Person","@id":"https:\/\/www.atmos.eu\/es\/#\/schema\/person\/fa2914851a359ce6134775ddd1c64269","name":"Jan Kyn\u010dl","image":{"@type":"ImageObject","inLanguage":"es","@id":"https:\/\/www.atmos.eu\/es\/#\/schema\/person\/image\/","url":"https:\/\/secure.gravatar.com\/avatar\/fa9197b7b9d0d31caf2dd39e16bc75a6?s=96&d=mm&r=g","contentUrl":"https:\/\/secure.gravatar.com\/avatar\/fa9197b7b9d0d31caf2dd39e16bc75a6?s=96&d=mm&r=g","caption":"Jan Kyn\u010dl"},"url":"https:\/\/www.atmos.eu\/es\/author\/honza\/"}]}},"_links":{"self":[{"href":"https:\/\/www.atmos.eu\/es\/wp-json\/wp\/v2\/posts\/23389","targetHints":{"allow":["GET"]}}],"collection":[{"href":"https:\/\/www.atmos.eu\/es\/wp-json\/wp\/v2\/posts"}],"about":[{"href":"https:\/\/www.atmos.eu\/es\/wp-json\/wp\/v2\/types\/post"}],"author":[{"embeddable":true,"href":"https:\/\/www.atmos.eu\/es\/wp-json\/wp\/v2\/users\/6"}],"replies":[{"embeddable":true,"href":"https:\/\/www.atmos.eu\/es\/wp-json\/wp\/v2\/comments?post=23389"}],"version-history":[{"count":2,"href":"https:\/\/www.atmos.eu\/es\/wp-json\/wp\/v2\/posts\/23389\/revisions"}],"predecessor-version":[{"id":27712,"href":"https:\/\/www.atmos.eu\/es\/wp-json\/wp\/v2\/posts\/23389\/revisions\/27712"}],"wp:featuredmedia":[{"embeddable":true,"href":"https:\/\/www.atmos.eu\/es\/wp-json\/wp\/v2\/media\/23075"}],"wp:attachment":[{"href":"https:\/\/www.atmos.eu\/es\/wp-json\/wp\/v2\/media?parent=23389"}],"wp:term":[{"taxonomy":"category","embeddable":true,"href":"https:\/\/www.atmos.eu\/es\/wp-json\/wp\/v2\/categories?post=23389"},{"taxonomy":"post_tag","embeddable":true,"href":"https:\/\/www.atmos.eu\/es\/wp-json\/wp\/v2\/tags?post=23389"}],"curies":[{"name":"wp","href":"https:\/\/api.w.org\/{rel}","templated":true}]}}